{"id":2697,"date":"2019-09-25T15:59:22","date_gmt":"2019-09-25T13:59:22","guid":{"rendered":"https:\/\/valegarddesign.se\/?p=2697"},"modified":"2025-01-16T09:45:23","modified_gmt":"2025-01-16T08:45:23","slug":"kulturnatten-i-norrkoping-28-9-2019","status":"publish","type":"post","link":"https:\/\/valegarddesign.se\/en\/kulturnatten-i-norrkoping-28-9-2019\/","title":{"rendered":"Culture Night in Norrk\u00f6ping 28\/9 2019"},"content":{"rendered":"<p style=\"text-align: center;\">On Saturday, the 28th September,  it\u2019s the Culture Night in Norrk\u00f6ping.<\/p>\n<p style=\"text-align: center;\">Welcome and look at my exhibition!<\/p>\n<p><img loading=\"lazy\" decoding=\"async\" class=\"size-medium wp-image-2700 aligncenter\" src=\"https:\/\/valegarddesign.se\/wp\/content\/uploads\/2019\/09\/kulturnatt_web-300x300.jpg\" alt=\"\" width=\"300\" height=\"300\" srcset=\"https:\/\/valegarddesign.se\/wp\/content\/uploads\/2019\/09\/kulturnatt_web-300x300.jpg 300w, https:\/\/valegarddesign.se\/wp\/content\/uploads\/2019\/09\/kulturnatt_web-150x150.jpg 150w, https:\/\/valegarddesign.se\/wp\/content\/uploads\/2019\/09\/kulturnatt_web-180x180.jpg 180w, https:\/\/valegarddesign.se\/wp\/content\/uploads\/2019\/09\/kulturnatt_web-600x600.jpg 600w, https:\/\/valegarddesign.se\/wp\/content\/uploads\/2019\/09\/kulturnatt_web.jpg 648w\" sizes=\"auto, (max-width: 300px) 100vw, 300px\" \/> <img loading=\"lazy\" decoding=\"async\" class=\"size-medium wp-image-2748 aligncenter\" src=\"https:\/\/valegarddesign.se\/wp\/content\/uploads\/2019\/09\/IMG_0498-300x225.jpg\" alt=\"\" width=\"300\" height=\"225\" srcset=\"https:\/\/valegarddesign.se\/wp\/content\/uploads\/2019\/09\/IMG_0498-300x225.jpg 300w, https:\/\/valegarddesign.se\/wp\/content\/uploads\/2019\/09\/IMG_0498-768x576.jpg 768w, https:\/\/valegarddesign.se\/wp\/content\/uploads\/2019\/09\/IMG_0498-1024x768.jpg 1024w\" sizes=\"auto, (max-width: 300px) 100vw, 300px\" \/><\/p>","protected":false},"excerpt":{"rendered":"<p>P\u00e5 l\u00f6rdag, den 28 september, \u00e4r det Kulturnatten i Norrk\u00f6ping. V\u00e4lkomna och titta p\u00e5 min utst\u00e4llning!<\/p>","protected":false},"author":4,"featured_media":0,"comment_status":"closed","ping_status":"closed","sticky":false,"template":"","format":"standard","meta":{"_acf_changed":false,"_jetpack_memberships_contains_paid_content":false,"footnotes":""},"categories":[11],"tags":[],"class_list":["post-2697","post","type-post","status-publish","format-standard","hentry","category-structure-jewelry"],"acf":[],"jetpack_sharing_enabled":true,"jetpack_featured_media_url":"","_links":{"self":[{"href":"https:\/\/valegarddesign.se\/en\/wp-json\/wp\/v2\/posts\/2697","targetHints":{"allow":["GET"]}}],"collection":[{"href":"https:\/\/valegarddesign.se\/en\/wp-json\/wp\/v2\/posts"}],"about":[{"href":"https:\/\/valegarddesign.se\/en\/wp-json\/wp\/v2\/types\/post"}],"author":[{"embeddable":true,"href":"https:\/\/valegarddesign.se\/en\/wp-json\/wp\/v2\/users\/4"}],"replies":[{"embeddable":true,"href":"https:\/\/valegarddesign.se\/en\/wp-json\/wp\/v2\/comments?post=2697"}],"version-history":[{"count":11,"href":"https:\/\/valegarddesign.se\/en\/wp-json\/wp\/v2\/posts\/2697\/revisions"}],"predecessor-version":[{"id":6608,"href":"https:\/\/valegarddesign.se\/en\/wp-json\/wp\/v2\/posts\/2697\/revisions\/6608"}],"wp:attachment":[{"href":"https:\/\/valegarddesign.se\/en\/wp-json\/wp\/v2\/media?parent=2697"}],"wp:term":[{"taxonomy":"category","embeddable":true,"href":"https:\/\/valegarddesign.se\/en\/wp-json\/wp\/v2\/categories?post=2697"},{"taxonomy":"post_tag","embeddable":true,"href":"https:\/\/valegarddesign.se\/en\/wp-json\/wp\/v2\/tags?post=2697"}],"curies":[{"name":"wp","href":"https:\/\/api.w.org\/{rel}","templated":true}]}}