{"id":2825,"date":"2019-11-28T17:12:16","date_gmt":"2019-11-28T16:12:16","guid":{"rendered":"https:\/\/valegarddesign.se\/?p=2825"},"modified":"2025-01-15T16:18:52","modified_gmt":"2025-01-15T15:18:52","slug":"julmarknader-2019","status":"publish","type":"post","link":"https:\/\/valegarddesign.se\/en\/julmarknader-2019\/","title":{"rendered":"Christmas Markets 2019"},"content":{"rendered":"<p style=\"text-align: center;\">During December, my silver jewelery will be on:<\/p>\n<p>\u00a0\u00a0\u00a0\u00a0\u00a0 <img loading=\"lazy\" decoding=\"async\" class=\"size-medium wp-image-2850 aligncenter\" src=\"https:\/\/valegarddesign.se\/wp\/content\/uploads\/2019\/11\/radisson1-300x164.jpg\" alt=\"\" width=\"300\" height=\"164\" srcset=\"https:\/\/valegarddesign.se\/wp\/content\/uploads\/2019\/11\/radisson1-300x164.jpg 300w, https:\/\/valegarddesign.se\/wp\/content\/uploads\/2019\/11\/radisson1-768x420.jpg 768w, https:\/\/valegarddesign.se\/wp\/content\/uploads\/2019\/11\/radisson1.jpg 850w\" sizes=\"auto, (max-width: 300px) 100vw, 300px\" \/><\/p>\n<p style=\"text-align: center;\">* Christmas market evening, Radisson Blu Hotel, Thursday 5 December, 5 pm-8 pm.<\/p>\n<p><img loading=\"lazy\" decoding=\"async\" class=\"size-medium wp-image-2852 alignleft\" src=\"https:\/\/valegarddesign.se\/wp\/content\/uploads\/2019\/11\/linne3-225x300.jpg\" alt=\"\" width=\"225\" height=\"300\" srcset=\"https:\/\/valegarddesign.se\/wp\/content\/uploads\/2019\/11\/linne3-225x300.jpg 225w, https:\/\/valegarddesign.se\/wp\/content\/uploads\/2019\/11\/linne3-768x1024.jpg 768w, https:\/\/valegarddesign.se\/wp\/content\/uploads\/2019\/11\/linne3.jpg 850w\" sizes=\"auto, (max-width: 225px) 100vw, 225px\" \/>\u00a0\u00a0\u00a0 <img loading=\"lazy\" decoding=\"async\" class=\"size-medium wp-image-2853 alignright\" src=\"https:\/\/valegarddesign.se\/wp\/content\/uploads\/2019\/11\/linne4-300x177.jpg\" alt=\"\" width=\"300\" height=\"177\" srcset=\"https:\/\/valegarddesign.se\/wp\/content\/uploads\/2019\/11\/linne4-300x177.jpg 300w, https:\/\/valegarddesign.se\/wp\/content\/uploads\/2019\/11\/linne4-768x454.jpg 768w, https:\/\/valegarddesign.se\/wp\/content\/uploads\/2019\/11\/linne4.jpg 850w\" sizes=\"auto, (max-width: 300px) 100vw, 300px\" \/><\/p>\n<p style=\"text-align: left;\">* Old-fashioned Christmas market, Linn\u00e9s Kammare in Jumkil, Saturday December 7 and Sunday December 8, 11 am-3 pm.<\/p>\n<p><img loading=\"lazy\" decoding=\"async\" class=\"size-medium wp-image-2868 aligncenter\" src=\"https:\/\/valegarddesign.se\/wp\/content\/uploads\/2019\/11\/science1-300x184.jpg\" alt=\"\" width=\"300\" height=\"184\" srcset=\"https:\/\/valegarddesign.se\/wp\/content\/uploads\/2019\/11\/science1-300x184.jpg 300w, https:\/\/valegarddesign.se\/wp\/content\/uploads\/2019\/11\/science1-768x472.jpg 768w, https:\/\/valegarddesign.se\/wp\/content\/uploads\/2019\/11\/science1.jpg 850w\" sizes=\"auto, (max-width: 300px) 100vw, 300px\" \/><\/p>\n<p style=\"text-align: center;\">* Christmas Market, Ljusg\u00e5rden Hubben, Uppsala Science Park, Thursday December 12 and Friday December 13, 10 am-3 pm.<\/p>","protected":false},"excerpt":{"rendered":"<p>Under december m\u00e5nad kommer mina silversmycken finnas p\u00e5: \u00a0\u00a0\u00a0\u00a0\u00a0 * Julmarknadskv\u00e4ll, Radisson Blu Hotel, torsdagen den 5 december, kl 17-20. \u00a0\u00a0\u00a0 * Gammaldags julmarknad, Linn\u00e9s Kammare i Jumkil, l\u00f6rdagen den 7 december och s\u00f6ndagen den 8 december, kl 11-15. * Julmarknad, Ljusg\u00e5rden Hubben, Uppsala Science Park, torsdagen den 12 december och fredagen den 13 december, &hellip; <a href=\"https:\/\/valegarddesign.se\/en\/julmarknader-2019\/\">Continued<\/a><\/p>","protected":false},"author":4,"featured_media":0,"comment_status":"closed","ping_status":"closed","sticky":false,"template":"","format":"standard","meta":{"_acf_changed":false,"_jetpack_memberships_contains_paid_content":false,"footnotes":""},"categories":[11],"tags":[],"class_list":["post-2825","post","type-post","status-publish","format-standard","hentry","category-structure-jewelry"],"acf":[],"jetpack_sharing_enabled":true,"jetpack_featured_media_url":"","_links":{"self":[{"href":"https:\/\/valegarddesign.se\/en\/wp-json\/wp\/v2\/posts\/2825","targetHints":{"allow":["GET"]}}],"collection":[{"href":"https:\/\/valegarddesign.se\/en\/wp-json\/wp\/v2\/posts"}],"about":[{"href":"https:\/\/valegarddesign.se\/en\/wp-json\/wp\/v2\/types\/post"}],"author":[{"embeddable":true,"href":"https:\/\/valegarddesign.se\/en\/wp-json\/wp\/v2\/users\/4"}],"replies":[{"embeddable":true,"href":"https:\/\/valegarddesign.se\/en\/wp-json\/wp\/v2\/comments?post=2825"}],"version-history":[{"count":37,"href":"https:\/\/valegarddesign.se\/en\/wp-json\/wp\/v2\/posts\/2825\/revisions"}],"predecessor-version":[{"id":6595,"href":"https:\/\/valegarddesign.se\/en\/wp-json\/wp\/v2\/posts\/2825\/revisions\/6595"}],"wp:attachment":[{"href":"https:\/\/valegarddesign.se\/en\/wp-json\/wp\/v2\/media?parent=2825"}],"wp:term":[{"taxonomy":"category","embeddable":true,"href":"https:\/\/valegarddesign.se\/en\/wp-json\/wp\/v2\/categories?post=2825"},{"taxonomy":"post_tag","embeddable":true,"href":"https:\/\/valegarddesign.se\/en\/wp-json\/wp\/v2\/tags?post=2825"}],"curies":[{"name":"wp","href":"https:\/\/api.w.org\/{rel}","templated":true}]}}