{"id":3456,"date":"2020-07-15T09:50:58","date_gmt":"2020-07-15T07:50:58","guid":{"rendered":"https:\/\/valegarddesign.se\/?p=3456"},"modified":"2025-01-15T09:28:12","modified_gmt":"2025-01-15T08:28:12","slug":"utstallning-pa-galleri-upsala-11-16-juli-2020","status":"publish","type":"post","link":"https:\/\/valegarddesign.se\/en\/utstallning-pa-galleri-upsala-11-16-juli-2020\/","title":{"rendered":"Exhibition at Galleri Upsala 11 &amp; 17 July 2020"},"content":{"rendered":"<p style=\"text-align: center;\">If you want to see some of my silver jewelry \u2013 come to my exhibition at Galleri Upsala.<\/p>\n<p><img loading=\"lazy\" decoding=\"async\" class=\"size-medium wp-image-3462 aligncenter\" style=\"text-align: center;\" src=\"https:\/\/valegarddesign.se\/wp\/content\/uploads\/2020\/07\/svartahal-1-203x300.jpg\" alt=\"\" width=\"203\" height=\"300\" srcset=\"https:\/\/valegarddesign.se\/wp\/content\/uploads\/2020\/07\/svartahal-1-203x300.jpg 203w, https:\/\/valegarddesign.se\/wp\/content\/uploads\/2020\/07\/svartahal-1-768x1135.jpg 768w, https:\/\/valegarddesign.se\/wp\/content\/uploads\/2020\/07\/svartahal-1-693x1024.jpg 693w, https:\/\/valegarddesign.se\/wp\/content\/uploads\/2020\/07\/svartahal-1.jpg 945w\" sizes=\"auto, (max-width: 203px) 100vw, 203px\" \/><\/p>\n<p style=\"text-align: center;\">NOTE! Extended by one day !!! Will be open also on Friday. NOTE!<\/p>","protected":false},"excerpt":{"rendered":"<p>Om ni vill se mina smycken inspirerade av vetenskap =&gt; Varmt v\u00e4lkomna till Galleri Upsala, Svartb\u00e4cksgatan 21, mellan 12-17. OBS! F\u00f6rl\u00e4ngt med en dag!!! Kommer att vara \u00f6ppet \u00e4ven fredagen den 17\/7. OBS!<\/p>","protected":false},"author":4,"featured_media":0,"comment_status":"closed","ping_status":"closed","sticky":false,"template":"","format":"standard","meta":{"_acf_changed":false,"_jetpack_memberships_contains_paid_content":false,"footnotes":""},"categories":[11],"tags":[],"class_list":["post-3456","post","type-post","status-publish","format-standard","hentry","category-structure-jewelry"],"acf":[],"jetpack_sharing_enabled":true,"jetpack_featured_media_url":"","_links":{"self":[{"href":"https:\/\/valegarddesign.se\/en\/wp-json\/wp\/v2\/posts\/3456","targetHints":{"allow":["GET"]}}],"collection":[{"href":"https:\/\/valegarddesign.se\/en\/wp-json\/wp\/v2\/posts"}],"about":[{"href":"https:\/\/valegarddesign.se\/en\/wp-json\/wp\/v2\/types\/post"}],"author":[{"embeddable":true,"href":"https:\/\/valegarddesign.se\/en\/wp-json\/wp\/v2\/users\/4"}],"replies":[{"embeddable":true,"href":"https:\/\/valegarddesign.se\/en\/wp-json\/wp\/v2\/comments?post=3456"}],"version-history":[{"count":8,"href":"https:\/\/valegarddesign.se\/en\/wp-json\/wp\/v2\/posts\/3456\/revisions"}],"predecessor-version":[{"id":6559,"href":"https:\/\/valegarddesign.se\/en\/wp-json\/wp\/v2\/posts\/3456\/revisions\/6559"}],"wp:attachment":[{"href":"https:\/\/valegarddesign.se\/en\/wp-json\/wp\/v2\/media?parent=3456"}],"wp:term":[{"taxonomy":"category","embeddable":true,"href":"https:\/\/valegarddesign.se\/en\/wp-json\/wp\/v2\/categories?post=3456"},{"taxonomy":"post_tag","embeddable":true,"href":"https:\/\/valegarddesign.se\/en\/wp-json\/wp\/v2\/tags?post=3456"}],"curies":[{"name":"wp","href":"https:\/\/api.w.org\/{rel}","templated":true}]}}