{"id":3624,"date":"2020-10-05T12:37:57","date_gmt":"2020-10-05T10:37:57","guid":{"rendered":"https:\/\/valegarddesign.se\/?p=3624"},"modified":"2025-01-15T09:04:09","modified_gmt":"2025-01-15T08:04:09","slug":"den-internationella-kaffedagen","status":"publish","type":"post","link":"https:\/\/valegarddesign.se\/en\/den-internationella-kaffedagen\/","title":{"rendered":"The International Coffee Day, October 1st"},"content":{"rendered":"<p style=\"text-align: center;\"><span class=\"\">The International Coffee Organisation has decided that the coffee day should be October 1st. <\/span><\/p>\n<p><img loading=\"lazy\" decoding=\"async\" class=\"alignnone size-medium wp-image-3623\" src=\"https:\/\/valegarddesign.se\/wp\/content\/uploads\/2020\/10\/koffein2-300x300.jpg\" alt=\"\" width=\"300\" height=\"300\" srcset=\"https:\/\/valegarddesign.se\/wp\/content\/uploads\/2020\/10\/koffein2-300x300.jpg 300w, https:\/\/valegarddesign.se\/wp\/content\/uploads\/2020\/10\/koffein2-150x150.jpg 150w, https:\/\/valegarddesign.se\/wp\/content\/uploads\/2020\/10\/koffein2-768x768.jpg 768w, https:\/\/valegarddesign.se\/wp\/content\/uploads\/2020\/10\/koffein2-180x180.jpg 180w, https:\/\/valegarddesign.se\/wp\/content\/uploads\/2020\/10\/koffein2-600x600.jpg 600w, https:\/\/valegarddesign.se\/wp\/content\/uploads\/2020\/10\/koffein2.jpg 850w\" sizes=\"auto, (max-width: 300px) 100vw, 300px\" \/>\u00a0 <img loading=\"lazy\" decoding=\"async\" class=\"alignnone size-medium wp-image-3627\" src=\"https:\/\/valegarddesign.se\/wp\/content\/uploads\/2020\/10\/koffein1-300x300.jpg\" alt=\"\" width=\"300\" height=\"300\" srcset=\"https:\/\/valegarddesign.se\/wp\/content\/uploads\/2020\/10\/koffein1-300x300.jpg 300w, https:\/\/valegarddesign.se\/wp\/content\/uploads\/2020\/10\/koffein1-150x150.jpg 150w, https:\/\/valegarddesign.se\/wp\/content\/uploads\/2020\/10\/koffein1-768x768.jpg 768w, https:\/\/valegarddesign.se\/wp\/content\/uploads\/2020\/10\/koffein1-180x180.jpg 180w, https:\/\/valegarddesign.se\/wp\/content\/uploads\/2020\/10\/koffein1-600x600.jpg 600w, https:\/\/valegarddesign.se\/wp\/content\/uploads\/2020\/10\/koffein1.jpg 850w\" sizes=\"auto, (max-width: 300px) 100vw, 300px\" \/>\u00a0 <img loading=\"lazy\" decoding=\"async\" class=\"alignnone size-medium wp-image-3628\" src=\"https:\/\/valegarddesign.se\/wp\/content\/uploads\/2020\/10\/koffein3-300x300.jpg\" alt=\"\" width=\"300\" height=\"300\" srcset=\"https:\/\/valegarddesign.se\/wp\/content\/uploads\/2020\/10\/koffein3-300x300.jpg 300w, https:\/\/valegarddesign.se\/wp\/content\/uploads\/2020\/10\/koffein3-150x150.jpg 150w, https:\/\/valegarddesign.se\/wp\/content\/uploads\/2020\/10\/koffein3-768x768.jpg 768w, https:\/\/valegarddesign.se\/wp\/content\/uploads\/2020\/10\/koffein3-180x180.jpg 180w, https:\/\/valegarddesign.se\/wp\/content\/uploads\/2020\/10\/koffein3-600x600.jpg 600w, https:\/\/valegarddesign.se\/wp\/content\/uploads\/2020\/10\/koffein3.jpg 850w\" sizes=\"auto, (max-width: 300px) 100vw, 300px\" \/><\/p>\n<p style=\"text-align: center;\"><span class=\"\">Handgjorda koffeinmolekyler i silver. Ett par \u00f6rh\u00e4ngen med r\u00f6demaljerade syreatomer.<\/span><\/p>","protected":false},"excerpt":{"rendered":"<p>Den internationella kaffeorganisationen har beslutat att kaffets dag ska vara den 1 oktober. \u00a0 \u00a0 Handgjorda koffeinmolekyler i silver. Ett par \u00f6rh\u00e4ngen med r\u00f6demaljerade syreatomer.<\/p>","protected":false},"author":4,"featured_media":0,"comment_status":"closed","ping_status":"closed","sticky":false,"template":"","format":"standard","meta":{"_acf_changed":false,"_jetpack_memberships_contains_paid_content":false,"footnotes":""},"categories":[11],"tags":[],"class_list":["post-3624","post","type-post","status-publish","format-standard","hentry","category-structure-jewelry"],"acf":[],"jetpack_sharing_enabled":true,"jetpack_featured_media_url":"","_links":{"self":[{"href":"https:\/\/valegarddesign.se\/en\/wp-json\/wp\/v2\/posts\/3624","targetHints":{"allow":["GET"]}}],"collection":[{"href":"https:\/\/valegarddesign.se\/en\/wp-json\/wp\/v2\/posts"}],"about":[{"href":"https:\/\/valegarddesign.se\/en\/wp-json\/wp\/v2\/types\/post"}],"author":[{"embeddable":true,"href":"https:\/\/valegarddesign.se\/en\/wp-json\/wp\/v2\/users\/4"}],"replies":[{"embeddable":true,"href":"https:\/\/valegarddesign.se\/en\/wp-json\/wp\/v2\/comments?post=3624"}],"version-history":[{"count":11,"href":"https:\/\/valegarddesign.se\/en\/wp-json\/wp\/v2\/posts\/3624\/revisions"}],"predecessor-version":[{"id":6548,"href":"https:\/\/valegarddesign.se\/en\/wp-json\/wp\/v2\/posts\/3624\/revisions\/6548"}],"wp:attachment":[{"href":"https:\/\/valegarddesign.se\/en\/wp-json\/wp\/v2\/media?parent=3624"}],"wp:term":[{"taxonomy":"category","embeddable":true,"href":"https:\/\/valegarddesign.se\/en\/wp-json\/wp\/v2\/categories?post=3624"},{"taxonomy":"post_tag","embeddable":true,"href":"https:\/\/valegarddesign.se\/en\/wp-json\/wp\/v2\/tags?post=3624"}],"curies":[{"name":"wp","href":"https:\/\/api.w.org\/{rel}","templated":true}]}}