{"id":5270,"date":"2023-09-28T16:25:31","date_gmt":"2023-09-28T14:25:31","guid":{"rendered":"https:\/\/valegarddesign.se\/?p=5270"},"modified":"2024-10-28T12:34:46","modified_gmt":"2024-10-28T11:34:46","slug":"kaffets-dag-den-29-september","status":"publish","type":"post","link":"https:\/\/valegarddesign.se\/en\/kaffets-dag-den-29-september\/","title":{"rendered":"Coffee Day on September 29"},"content":{"rendered":"<p style=\"text-align: center;\">In Sweden, we celebrate coffee day on September 29, while the official date for International Coffee Day is October 1. If you love coffee, why not celebrate both days. :-)<\/p>\n<p style=\"text-align: center;\">Caffeine is a stimulant and is naturally found in coffee. The caffeine molecule is a very popular piece of jewelry. I have fashioned it in silver 925 as a necklace, earrings and rings.<\/p>\n<p><img loading=\"lazy\" decoding=\"async\" class=\"size-medium wp-image-5272 alignleft\" src=\"https:\/\/valegarddesign.se\/wp\/content\/uploads\/2023\/09\/koffein_o\u0308ga-300x296.jpg\" alt=\"\" width=\"300\" height=\"296\" srcset=\"https:\/\/valegarddesign.se\/wp\/content\/uploads\/2023\/09\/koffein_o\u0308ga-300x296.jpg 300w, https:\/\/valegarddesign.se\/wp\/content\/uploads\/2023\/09\/koffein_o\u0308ga-768x757.jpg 768w, https:\/\/valegarddesign.se\/wp\/content\/uploads\/2023\/09\/koffein_o\u0308ga.jpg 850w\" sizes=\"auto, (max-width: 300px) 100vw, 300px\" \/>\u00a0 <img loading=\"lazy\" decoding=\"async\" class=\"alignnone size-medium wp-image-5273\" src=\"https:\/\/valegarddesign.se\/wp\/content\/uploads\/2023\/09\/koffein_hals-268x300.jpg\" alt=\"\" width=\"268\" height=\"300\" srcset=\"https:\/\/valegarddesign.se\/wp\/content\/uploads\/2023\/09\/koffein_hals-268x300.jpg 268w, https:\/\/valegarddesign.se\/wp\/content\/uploads\/2023\/09\/koffein_hals.jpg 749w\" sizes=\"auto, (max-width: 268px) 100vw, 268px\" \/>\u00a0 <img loading=\"lazy\" decoding=\"async\" class=\"alignnone size-medium wp-image-5274\" src=\"https:\/\/valegarddesign.se\/wp\/content\/uploads\/2023\/09\/koffeinring2-296x300.jpg\" alt=\"\" width=\"296\" height=\"300\" srcset=\"https:\/\/valegarddesign.se\/wp\/content\/uploads\/2023\/09\/koffeinring2-296x300.jpg 296w, https:\/\/valegarddesign.se\/wp\/content\/uploads\/2023\/09\/koffeinring2.jpg 696w\" sizes=\"auto, (max-width: 296px) 100vw, 296px\" \/><\/p>\n<p style=\"text-align: left;\">","protected":false},"excerpt":{"rendered":"<p>I Sverige firar vi kaffets dag den 29 september medan det officiella datumet f\u00f6r den internationella kaffedagen \u00e4r den 1 oktober. Om man \u00e4lskar kaffe kan man ju fira b\u00e5da dagarna. \ud83d\ude42 Koffein \u00e4r en stimulantia och finns naturligt i kaffe. Koffeinmolekylen \u00e4r ett mycket popul\u00e4rt smycke. Jag har format den i silver 925 som &hellip; <a href=\"https:\/\/valegarddesign.se\/en\/kaffets-dag-den-29-september\/\">Continued<\/a><\/p>","protected":false},"author":4,"featured_media":0,"comment_status":"closed","ping_status":"closed","sticky":false,"template":"","format":"standard","meta":{"_acf_changed":false,"_jetpack_memberships_contains_paid_content":false,"footnotes":""},"categories":[11],"tags":[],"class_list":["post-5270","post","type-post","status-publish","format-standard","hentry","category-structure-jewelry"],"acf":[],"jetpack_sharing_enabled":true,"jetpack_featured_media_url":"","_links":{"self":[{"href":"https:\/\/valegarddesign.se\/en\/wp-json\/wp\/v2\/posts\/5270","targetHints":{"allow":["GET"]}}],"collection":[{"href":"https:\/\/valegarddesign.se\/en\/wp-json\/wp\/v2\/posts"}],"about":[{"href":"https:\/\/valegarddesign.se\/en\/wp-json\/wp\/v2\/types\/post"}],"author":[{"embeddable":true,"href":"https:\/\/valegarddesign.se\/en\/wp-json\/wp\/v2\/users\/4"}],"replies":[{"embeddable":true,"href":"https:\/\/valegarddesign.se\/en\/wp-json\/wp\/v2\/comments?post=5270"}],"version-history":[{"count":10,"href":"https:\/\/valegarddesign.se\/en\/wp-json\/wp\/v2\/posts\/5270\/revisions"}],"predecessor-version":[{"id":6092,"href":"https:\/\/valegarddesign.se\/en\/wp-json\/wp\/v2\/posts\/5270\/revisions\/6092"}],"wp:attachment":[{"href":"https:\/\/valegarddesign.se\/en\/wp-json\/wp\/v2\/media?parent=5270"}],"wp:term":[{"taxonomy":"category","embeddable":true,"href":"https:\/\/valegarddesign.se\/en\/wp-json\/wp\/v2\/categories?post=5270"},{"taxonomy":"post_tag","embeddable":true,"href":"https:\/\/valegarddesign.se\/en\/wp-json\/wp\/v2\/tags?post=5270"}],"curies":[{"name":"wp","href":"https:\/\/api.w.org\/{rel}","templated":true}]}}