{"id":5394,"date":"2023-11-30T20:50:02","date_gmt":"2023-11-30T19:50:02","guid":{"rendered":"https:\/\/valegarddesign.se\/?p=5394"},"modified":"2024-10-28T09:55:54","modified_gmt":"2024-10-28T08:55:54","slug":"nobelsmycken-pa-medicinhistoriska-museet-i-uppsala","status":"publish","type":"post","link":"https:\/\/valegarddesign.se\/en\/nobelsmycken-pa-medicinhistoriska-museet-i-uppsala\/","title":{"rendered":"Nobel jewelry at the Medical History Museum, December 10th 2023"},"content":{"rendered":"<p style=\"text-align: center;\">On Nobel Day, December 10th, the exhibition 'Nobel jewelry' opens at the Medical History Museum in Uppsala. Silver jewelry designed and formed by me. From the insulin molecule to silver jewelry inspired by this year's Nobel Prize in medicine, physics and chemistry.<\/p>\n<p><img loading=\"lazy\" decoding=\"async\" class=\"size-medium wp-image-5424 aligncenter\" src=\"https:\/\/valegarddesign.se\/wp\/content\/uploads\/2023\/11\/vernissage-300x300.jpg\" alt=\"\" width=\"300\" height=\"300\" srcset=\"https:\/\/valegarddesign.se\/wp\/content\/uploads\/2023\/11\/vernissage-300x300.jpg 300w, https:\/\/valegarddesign.se\/wp\/content\/uploads\/2023\/11\/vernissage-150x150.jpg 150w, https:\/\/valegarddesign.se\/wp\/content\/uploads\/2023\/11\/vernissage-768x768.jpg 768w, https:\/\/valegarddesign.se\/wp\/content\/uploads\/2023\/11\/vernissage-180x180.jpg 180w, https:\/\/valegarddesign.se\/wp\/content\/uploads\/2023\/11\/vernissage-600x600.jpg 600w, https:\/\/valegarddesign.se\/wp\/content\/uploads\/2023\/11\/vernissage.jpg 864w\" sizes=\"auto, (max-width: 300px) 100vw, 300px\" \/><\/p>\n<p style=\"text-align: center;\">The exhibition is open until Thursday, December 21.<\/p>\n<p style=\"text-align: center;\">The museum is open Tuesday and Thursday 1-5 p.m.<\/p>","protected":false},"excerpt":{"rendered":"<p>Nobeldagen, den 10 december, \u00f6ppnas utst\u00e4llningen Nobelsmycken p\u00e5 Medicinhistoriska museet i Uppsala. Silversmycken designade och formade av mig. Allt ifr\u00e5n insulinmolekylen till silversmycken inspirerade av \u00e5rets Nobelpris i medicin, fysik och kemi. Utst\u00e4llningen \u00e4r \u00f6ppen t.o.m. torsdagen den 21 december. Museet \u00e4r \u00f6ppet tisdagar &amp; torsdagar 13-17.<\/p>","protected":false},"author":4,"featured_media":0,"comment_status":"closed","ping_status":"closed","sticky":false,"template":"","format":"standard","meta":{"_acf_changed":false,"_jetpack_memberships_contains_paid_content":false,"footnotes":""},"categories":[11],"tags":[],"class_list":["post-5394","post","type-post","status-publish","format-standard","hentry","category-structure-jewelry"],"acf":[],"jetpack_sharing_enabled":true,"jetpack_featured_media_url":"","_links":{"self":[{"href":"https:\/\/valegarddesign.se\/en\/wp-json\/wp\/v2\/posts\/5394","targetHints":{"allow":["GET"]}}],"collection":[{"href":"https:\/\/valegarddesign.se\/en\/wp-json\/wp\/v2\/posts"}],"about":[{"href":"https:\/\/valegarddesign.se\/en\/wp-json\/wp\/v2\/types\/post"}],"author":[{"embeddable":true,"href":"https:\/\/valegarddesign.se\/en\/wp-json\/wp\/v2\/users\/4"}],"replies":[{"embeddable":true,"href":"https:\/\/valegarddesign.se\/en\/wp-json\/wp\/v2\/comments?post=5394"}],"version-history":[{"count":17,"href":"https:\/\/valegarddesign.se\/en\/wp-json\/wp\/v2\/posts\/5394\/revisions"}],"predecessor-version":[{"id":6072,"href":"https:\/\/valegarddesign.se\/en\/wp-json\/wp\/v2\/posts\/5394\/revisions\/6072"}],"wp:attachment":[{"href":"https:\/\/valegarddesign.se\/en\/wp-json\/wp\/v2\/media?parent=5394"}],"wp:term":[{"taxonomy":"category","embeddable":true,"href":"https:\/\/valegarddesign.se\/en\/wp-json\/wp\/v2\/categories?post=5394"},{"taxonomy":"post_tag","embeddable":true,"href":"https:\/\/valegarddesign.se\/en\/wp-json\/wp\/v2\/tags?post=5394"}],"curies":[{"name":"wp","href":"https:\/\/api.w.org\/{rel}","templated":true}]}}